{"id":33839,"date":"2021-05-06T17:22:03","date_gmt":"2021-05-06T15:22:03","guid":{"rendered":"https:\/\/www.freelancermap.de\/blog\/?p=33839"},"modified":"2026-04-16T10:24:17","modified_gmt":"2026-04-16T08:24:17","slug":"scheinselbststaendigkeit-interview-mit-thomas-sattelberger","status":"publish","type":"post","link":"https:\/\/www.freelancermap.de\/blog\/scheinselbststaendigkeit-interview-mit-thomas-sattelberger\/","title":{"rendered":"Scheinselbstst\u00e4ndigkeit in Deutschland &#8211; Interview mit Thomas Sattelberger"},"content":{"rendered":"\n<p>Als langj\u00e4hrige F\u00fchrungspers\u00f6nlichkeit ist Thomas Sattelberger mit den Problemen und Herausforderungen deutscher Unternehmen bestens vertraut. In der Vergangenheit setzte sich der FDP-Politiker auch immer wieder f\u00fcr Freelancer ein und fordert eine Vereinfachung der Statusfeststellung und eine damit verbunden h\u00f6here Rechtssicherheit f\u00fcr Selbstst\u00e4ndige. Die hier herrschende Rechtslage f\u00fchrt seit Jahren zu erh\u00f6hter Unsicherheit. In unserem Interview gibt Herr Sattelberger spannende Einblicke in diesen relevanten Bereich.<\/p>\n\n\n\n<!--more-->\n\n\n\n<p><strong>Kleine Aufw\u00e4rmrunde &#8211; stellen Sie sich unseren Lesern kurz vor:<\/strong><\/p>\n\n\n\n<p class=\"has-text-align-left\">40 Jahre war ich in der Wirtschaft. Davon 15 Jahre als Vorstand in gro\u00dfen Unternehmen: Telekom, Continental, Lufthansa. Besch\u00e4ftigt haben mich stets die Themen Unternehmenstransformation und Talententwicklung. Seit 2017 bin ich Bundestagsabgeordneter und Sprecher f\u00fcr Innovation, Bildung und Forschung der FDP-Fraktion. Bei der Bundestagswahl 2021 kandidiere ich erneut und wieder auf einem sehr aussichtsreichen Listenplatz.<\/p>\n\n\n\n<p><strong>Warum ist Scheinselbstst\u00e4ndigkeit in der Politik so ein kontroverses Thema?<\/strong><\/p>\n\n\n\n<p>Weil das dahinterliegende Thema Selbst\u00e4ndigkeit das viel gewichtigere ist. F\u00fcr SPD-Arbeitsministerinnen und -minister ist ja jeder Beruf jenseits abh\u00e4ngiger Besch\u00e4ftigung ein Gr\u00e4uel. Gerade beim Thema Arbeit will das Bundesarbeitsministerium am liebsten alles nach Schema F sortieren und normieren. Die Debatte \u00fcber Scheinselbstst\u00e4ndigkeit hat nur einen Zweck: m\u00f6glichst viele Selbstst\u00e4ndige in die Unselbstst\u00e4ndigkeit zu bringen.<\/p>\n\n\n\n<blockquote class=\"wp-block-quote is-layout-flow wp-block-quote-is-layout-flow\">\n<p><em>&#8222;Die Debatte \u00fcber Scheinselbstst\u00e4ndigkeit hat nur einen Zweck: m\u00f6glichst viele Selbstst\u00e4ndige in die Unselbstst\u00e4ndigkeit zu bringen.&#8220;<\/em><\/p>\n<cite>Thomas Sattelberger<\/cite><\/blockquote>\n\n\n\n<p>Dabei ist klar: nat\u00fcrlich gibt es unsittliche und ausbeuterische Praktiken der Scheinselbst\u00e4ndigkeit, gegen die der Staat vorgehen muss. Aber er darf die schwarzen Schafe nicht missbrauchen, um die \u00fcbrigen 95 Prozent unter Generalverdacht zu stellen.<\/p>\n\n\n\n<style>\n    .quiz-box {\n        font-family: \"Mona Sans\", system-ui, -apple-system, BlinkMacSystemFont, \"Segoe UI\", sans-serif;\n        background: #F5F5F5;\n        padding: 32px 36px 40px;\n        border-radius: 32px;\n        max-width: 900px;\n        margin: 10px auto;\n        box-shadow: none;\n        box-sizing: border-box;\n        transition: padding 0.3s ease;\n    }\n    .quiz-box.compact {\n        padding: 24px 28px 32px;\n    }\n    .quiz-title {\n        font-size: 30px;\n        font-weight: 700;\n        margin: 0 0 10px 0;\n        line-height: 1.15;\n    }\n    .quiz-subtitle {\n        font-size: 16px;\n        margin: 0 0 6px 0;\n        color: #222;\n        line-height: 1.25;\n    }\n    .quiz-question {\n        font-size: 20px;\n        font-weight: 600;\n        margin: 0;\n        line-height: 1.3;\n    }\n    .quiz-options {\n        display: flex;\n        gap: 16px;\n        flex-wrap: wrap;\n    }\n    .quiz-btn {\n        background: #00FFC8;\n        border: 1px solid rgba(0, 0, 0, 0.18);\n        padding: 14px 32px;\n        border-radius: 20px;\n        font-size: 18px;\n        font-weight: 400;\n        cursor: pointer;\n        transition: all 0.15s ease;\n        color: #000;\n        display: inline-flex;\n        align-items: center;\n        justify-content: center;\n    }\n    .quiz-btn:hover {\n        background: #000;\n        color: #00FFC8;\n    }\n    .quiz-btn:active {\n        transform: scale(0.97);\n    }\n    .quiz-step {\n        display: none;\n        opacity: 0;\n        transition: opacity 0.3s ease;\nmargin-top: 2px;\n    }\n    .quiz-step.active {\n        display: block;\n        opacity: 1;\n    }\n    .quiz-thanks {\n        font-size: 24px;\n        font-weight: 400;\n        margin: 20px 0 0;\n        text-align: center;\n    }\n#quiz-box .quiz-subtitle {\n    margin-bottom: 15px !important;\n}\n\n#quiz-box .quiz-step.active {\n    margin-top: 0 !important;\n}\n<\/style>\n\n<div class=\"quiz-box\" id=\"quiz-box\">\n    <div class=\"quiz-title\">Kurze Umfrage<\/div>\n    <p class=\"quiz-subtitle\">Die Antwort ist anonym und dauert nur wenige Sekunden.<\/p>\n\n    <div id=\"quiz-step-1\" class=\"quiz-step active\">\n        <p class=\"quiz-question\">Waren Sie schon einmal direkt von Scheinselbstst\u00e4ndigkeit betroffen?<\/p>\n        <div class=\"quiz-options\">\n            <button class=\"quiz-btn\" onclick=\"Quiz.answerAndNext('scheinselbst\u00e4ndigkeit', 'ja')\">Ja<\/button>\n            <button class=\"quiz-btn\" onclick=\"Quiz.answerAndFinish('scheinselbst\u00e4ndigkeit', 'nein')\">Nein<\/button>\n        <\/div>\n    <\/div>\n\n    <div id=\"quiz-step-2\" class=\"quiz-step\">\n        <p class=\"quiz-question\">In welcher Rolle waren Sie betroffen?<\/p>\n        <div class=\"quiz-options\">\n            <button class=\"quiz-btn\" onclick=\"Quiz.answerAndFinish('rolle', 'freelancer')\">Als Freelancer<\/button>\n            <button class=\"quiz-btn\" onclick=\"Quiz.answerAndFinish('rolle', 'unternehmen')\">Als Unternehmen<\/button>\n        <\/div>\n    <\/div>\n\n    <div id=\"quiz-step-finish\" class=\"quiz-step\">\n        <p class=\"quiz-thanks\">Vielen Dank f\u00fcr Ihre Teilnahme!<\/p>\n    <\/div>\n<\/div>\n\n<script>\n    var QUIZ_NAME = 'Scheinselbststaendigkeit-2025';\n    var Quiz = (function (window, document) {\n        const my = {};\n        const data = {};\n        const name = QUIZ_NAME || '__no_name__';\n        let step = 1;\n\n        my.answerAndNext = (question, answer) => {\n            data[question] = answer;\n            my.next();\n        };\n\n        my.answerAndFinish = (question, answer) => {\n            data[question] = answer;\n            my.finish();\n        };\n\n        function hideAllSteps() {\n            document.querySelectorAll('.quiz-step').forEach(step =>\n                step.classList.remove('active')\n            );\n        }\n\n        function showCurrentStep() {\n            const el = document.getElementById(`quiz-step-${step}`);\n            if (el) el.classList.add('active');\n        }\n\n        my.previous = () => {\n            hideAllSteps();\n            step = Math.max(1, step - 1);\n            showCurrentStep();\n        };\n\n        my.next = () => {\n            hideAllSteps();\n            step++;\n            showCurrentStep();\n        };\n\n        function sendResult(data) {\n            const urlParams = {};\n            (new URLSearchParams(window.location.search)).forEach((v, k) => urlParams[k] = v);\n            const fd = new FormData();\n            fd.append('name', name);\n            fd.append('articleUrl', window.location.hostname + window.location.pathname);\n            fd.append('response', JSON.stringify(data));\n            fd.append('tracking', JSON.stringify(urlParams));\n            fetch('\/blog-save-survey-response.json', {\n                method: 'POST',\n                body: fd\n            });\n        }\n\n        my.finish = () => {\n            const title = document.querySelector('.quiz-title');\n            if (title) title.style.display = 'none';\n\n            const sub = document.querySelector('.quiz-subtitle');\n            if (sub) sub.style.display = 'none';\n\n            const box = document.getElementById('quiz-box');\n            if (box) box.classList.add('compact');\n\n            hideAllSteps();\n            document.getElementById('quiz-step-finish').classList.add('active');\n            sendResult(data);\n        };\n\n        return my;\n    }(window, document));\n<\/script>\n\n\n\n<p><strong>Stehen Freelancer unter dem generellen Verdacht scheinselbstst\u00e4ndig zu sein?<\/strong><\/p>\n\n\n\n<p>Aus Sicht der Obrigkeit: ja! Schlie\u00dflich fehlen Selbst\u00e4ndige als Beitragszahler in den staatlichen Rentensystemen. Dass sie selber vorsorgen m\u00fcssen und k\u00f6nnen, taugt all jenen nicht, die jede Lebenssituation \u00fcber Vater Staat regulieren wollen. Alterssicherungsformen wie Aktienanlagen und Wohneigentum, mit denen man sich unabh\u00e4ngig macht von staatlichen Wohltaten, gelten als geradezu anr\u00fcchig. Das zeigt auch die aktuelle Debatte \u00fcber Verm\u00f6gensteuer und -abgabe. Dabei ist angesichts der demografischen Entwicklung dieses Landes fatal, wenn der Staat Eigenvorsorge immer unattraktiver macht.<\/p>\n\n\n\n<p><strong>Welche Auswirkungen hat Scheinselbstst\u00e4ndigkeit in Ihren Augen auf die Entscheidung in die Selbstst\u00e4ndigkeit zu wechseln?<\/strong><\/p>\n\n\n\n<blockquote class=\"wp-block-quote is-layout-flow wp-block-quote-is-layout-flow\">\n<p><em>&#8222;Der Verdacht der Scheinselbstst\u00e4ndigkeit h\u00e4ngt wie ein Damoklesschwert \u00fcber allen, die sich gerne selbstst\u00e4ndig machen m\u00f6chten.&#8220; <\/em><\/p>\n<cite>Thomas Sattelberger<\/cite><\/blockquote>\n\n\n\n<figure class=\"wp-block-image size-large is-style-default\"><img decoding=\"async\" src=\"\/blog\/wp-content\/uploads\/2021\/05\/Thomas-Sattelberger-2-1024x683.jpg\" alt=\"Thomas Sattelberger Scheinselbstst\u00e4ndigkeit Interview\" class=\"wp-image-33929\"\/><figcaption class=\"wp-element-caption\">Thomas Sattelberger, MdB FDP<\/figcaption><\/figure>\n\n\n\n<p>Der Verdacht der Scheinselbstst\u00e4ndigkeit h\u00e4ngt wie ein Damoklesschwert \u00fcber allen, die sich gerne selbstst\u00e4ndig machen m\u00f6chten. Und das ist so gewollt, siehe oben. Die Gro\u00dfe Koalition tut alles, um neue freie Berufe m\u00f6glichst zu verhindern und die abh\u00e4ngige Besch\u00e4ftigung mit Z\u00e4hnen und Klauen zu verteidigen. Ein ideologischer Zangengriff, der Innovation und Unternehmertum in Deutschland behindert.<\/p>\n\n\n\n<p><strong>Wie stehen Sie zu der aktuellen Praxis, mit dem Statusfeststellungsverfahren zu pr\u00fcfen, ob eine Scheinselbstst\u00e4ndigkeit vorliegt oder nicht? F\u00fchrt dieses Verfahren zu ausreichend Rechtssicherheit?<\/strong><\/p>\n\n\n\n<p>Dieses Thema habe ich schon einige Male in Antr\u00e4gen und Anfragen im Bundestag thematisiert. Das Statusfeststellungsverfahren f\u00fchrt vor allem zu konstanter Rechtsunsicherheit und damit Verunsicherung. Zumal mittlerweile gerade bei der digitalen Arbeit agile Arbeitsformen und agile Arbeitsorganisation (zum Beispiel SCRUM) in Unternehmen entstanden sind, die derzeitige Statusfeststellungskriterien wie etwa Weisungsgebundenheit v\u00f6llig ad absurdum f\u00fchren.<\/p>\n\n\n\n<p><strong>Das Statusfeststellungsverfahren muss vereinfacht werden &#8211; es braucht klare Vorgehensweisen und Eckpunkte. Werden derzeit weitere Gesetzesentw\u00fcrfe zur Sozialversicherungspflicht von Selbst\u00e4ndigen diskutiert? Wann k\u00f6nnte es eine Entscheidung und einen Erlass eines solchen Gesetzes geben? <\/strong><\/p>\n\n\n\n<p>Zu einer Entscheidung \u00fcber die Sozialversicherungspflicht von Selbst\u00e4ndigen wird es wohl vor der Bundestagswahl 2021 nicht mehr kommen. Die Mehrheitsverh\u00e4ltnisse der n\u00e4chsten Legislatur stehen noch in den Sternen. Als Abgeordneter einer Partei, die Freiheit und Wettbewerb als elementare S\u00e4ulen der Sozialen Marktwirtschaft ansieht, hielte ich es allerdings f\u00fcr fatal, wenn die Bundesregierung Selbst\u00e4ndigen bei der Frage der sozialen Sicherung ihre Entscheidungsfreiheit n\u00e4hme.<\/p>\n\n\n\n<p><strong>Ist Scheinselbstst\u00e4ndigkeit ein Hemmnis f\u00fcr den Innovationsstandort Deutschland? Wenn ja, warum?<\/strong><\/p>\n\n\n\n<p>Die Debatte um Scheinselbst\u00e4ndigkeit ist ein massiver Hemmschuh f\u00fcr den Innovationsstandort Deutschland. Freelancer, Solo-Selbst\u00e4ndige, Klein- und Kleinstunternehmer sind Saatgut f\u00fcr Unternehmertum und Aufbau einer New Economy. Dar\u00fcber hinaus sind sie oft Treiber von Ver\u00e4nderung in ansonsten erstarrten, Hierarchie-gepr\u00e4gten Unternehmens- und Verwaltungskulturen.<\/p>\n\n\n\n<p><strong>Gerade IT-ler sind h\u00e4ufig von der Scheinselbst\u00e4ndigkeit betroffen. Was sagen Sie zu der These &#8222;Agile Projekte sind fast immer scheinselbst\u00e4ndig.&#8220;?<\/strong><\/p>\n\n\n\n<p>Diese These ist richtig. Leider fehlt der digital unf\u00e4higen Ministerialb\u00fcrokratie im BMAS der Durchblick bei den Besch\u00e4ftigungsstrukturen einer digitalen Gesellschaft. Und die Ministeriumsspitze will ideologiedurchtr\u00e4nkt digitale Besch\u00e4ftigungsstrukturen zerst\u00f6ren oder verhindern. Beide haben<br>nicht verstanden, dass das 20. Jahrhundert seit zwei Jahrzehnten schon vor\u00fcber ist.<\/p>\n\n\n\n<p><strong>62 % der Freelancer sehen Scheinselbstst\u00e4ndigkeit als gr\u00f6\u00dftes rechtliches Defizit (Quelle: <a href=\"\/marktstudie\" target=\"_blank\" rel=\"noreferrer noopener\">Freelancer-Kompass 2026<\/a>). Welche Vorteile w\u00fcrde eine Abschaffung aus Ihrer Sicht bringen?<\/strong><\/p>\n\n\n\n<p>Wir brauchen eine Positivliste f\u00fcr Selbst\u00e4ndigkeit statt des Damoklesschwerts Statusfeststellungsverfahren. So gewinnen wir Rechtssicherheit und incentivieren Unternehmertum. Deutschland h\u00e4tte dies so n\u00f6tig wie kaum ein anderes Industrieland.<\/p>\n\n\n\n<p><strong>Welche Entwicklungen sind in diesem Bereich in Zukunft zu erwarten?<\/strong><\/p>\n\n\n\n<p>Mit den Kolleginnen und Kollegen meiner Fraktion k\u00e4mpfe ich f\u00fcr ein m\u00f6glichst freies Unternehmer- und Freelancertum hierzulande. Ich hoffe, dass wir nach der Bundestagswahl in Regierungsverantwortung kommen und von dieser Programmatik m\u00f6glichst viel umsetzen und in Gesetzes\u00e4nderungen gie\u00dfen k\u00f6nnen.<\/p>\n\n\n\n<p><strong>M\u00f6chten Sie sonst noch etwas zum Thema loswerden? Haben wir etwas Wichtiges vergessen?<\/strong><\/p>\n\n\n\n<p>Selbst\u00e4ndigkeit und unternehmerische Erwerbsformen sollten in Deutschland bereits elementarer Bestandteil des Schulunterrichts sein. Stattdessen dominiert in vielen Schulb\u00fcchern der mitarbeiterfeindliche Unternehmer und die schutzsuchende Arbeitnehmerin. Mit einem solchen Mindset, von klein auf eingetrichtert, fehlt uns eine ganz wesentliche Kraft f\u00fcr die Transformation dieses Landes.<\/p>\n\n\n\n<p><strong>Herr Sattelberger, vielen Dank f\u00fcr das Interview!<\/strong><\/p>\n\n\n\n<p><\/p>\n","protected":false},"excerpt":{"rendered":"<p>Als langj\u00e4hrige F\u00fchrungspers\u00f6nlichkeit ist Thomas Sattelberger mit den Problemen und Herausforderungen deutscher Unternehmen bestens vertraut. In der Vergangenheit setzte sich der FDP-Politiker auch immer wieder f\u00fcr Freelancer ein und fordert eine Vereinfachung der Statusfeststellung und eine damit verbunden h\u00f6here Rechtssicherheit f\u00fcr Selbstst\u00e4ndige. Die hier herrschende Rechtslage f\u00fchrt seit Jahren zu erh\u00f6hter Unsicherheit. In unserem Interview gibt Herr Sattelberger spannende Einblicke in diesen relevanten Bereich.<\/p>\n","protected":false},"author":42,"featured_media":71023,"comment_status":"closed","ping_status":"open","sticky":false,"template":"","format":"standard","meta":{"_acf_changed":false,"kampagne":"","om_disable_all_campaigns":false,"_kad_blocks_custom_css":"","_kad_blocks_head_custom_js":"","_kad_blocks_body_custom_js":"","_kad_blocks_footer_custom_js":"","footnotes":""},"categories":[16,5,18],"tags":[17],"class_list":["post-33839","post","type-post","status-publish","format-standard","has-post-thumbnail","hentry","category-fuer-freelancer","category-ratgeber","category-selbststaendigkeit","tag-scheinselbststaendigkeit"],"acf":[],"yoast_head":"<!-- This site is optimized with the Yoast SEO plugin v26.7 - https:\/\/yoast.com\/wordpress\/plugins\/seo\/ -->\n<title>Scheinselbstst\u00e4ndigkeit | Interview mit Thomas Sattelberger<\/title>\n<meta name=\"description\" content=\"Scheinselbstst\u00e4ndigkeit in Deutschland | Interview mit Thomas Sattelberger | Debatte | Entwicklungen \u2794 Jetzt lesen!\" \/>\n<meta name=\"robots\" content=\"index, follow, max-snippet:-1, max-image-preview:large, max-video-preview:-1\" \/>\n<link rel=\"canonical\" href=\"https:\/\/www.freelancermap.de\/blog\/scheinselbststaendigkeit-interview-mit-thomas-sattelberger\/\" \/>\n<meta property=\"og:locale\" content=\"de_DE\" \/>\n<meta property=\"og:type\" content=\"article\" \/>\n<meta property=\"og:title\" content=\"Scheinselbstst\u00e4ndigkeit | Interview mit Thomas Sattelberger\" \/>\n<meta property=\"og:description\" content=\"Scheinselbstst\u00e4ndigkeit in Deutschland | Interview mit Thomas Sattelberger | Debatte | Entwicklungen \u2794 Jetzt lesen!\" \/>\n<meta property=\"og:url\" content=\"https:\/\/www.freelancermap.de\/blog\/scheinselbststaendigkeit-interview-mit-thomas-sattelberger\/\" \/>\n<meta property=\"og:site_name\" content=\"Freelancer Blog\" \/>\n<meta property=\"article:published_time\" content=\"2021-05-06T15:22:03+00:00\" \/>\n<meta property=\"article:modified_time\" content=\"2026-04-16T08:24:17+00:00\" \/>\n<meta property=\"og:image\" content=\"https:\/\/img-cdn.freelancermap.de\/blog\/dach\/thomas-sattelberger-scheinselbststaendigkeit-interview.png\" \/>\n\t<meta property=\"og:image:width\" content=\"1100\" \/>\n\t<meta property=\"og:image:height\" content=\"480\" \/>\n\t<meta property=\"og:image:type\" content=\"image\/png\" \/>\n<meta name=\"author\" content=\"Alexander Graf\" \/>\n<meta name=\"twitter:card\" content=\"summary_large_image\" \/>\n<meta name=\"twitter:label1\" content=\"Verfasst von\" \/>\n\t<meta name=\"twitter:data1\" content=\"Alexander Graf\" \/>\n\t<meta name=\"twitter:label2\" content=\"Gesch\u00e4tzte Lesezeit\" \/>\n\t<meta name=\"twitter:data2\" content=\"5\u00a0Minuten\" \/>\n<script type=\"application\/ld+json\" class=\"yoast-schema-graph\">{\"@context\":\"https:\/\/schema.org\",\"@graph\":[{\"@type\":[\"Article\",\"BlogPosting\"],\"@id\":\"https:\/\/www.freelancermap.de\/blog\/scheinselbststaendigkeit-interview-mit-thomas-sattelberger\/#article\",\"isPartOf\":{\"@id\":\"https:\/\/www.freelancermap.de\/blog\/scheinselbststaendigkeit-interview-mit-thomas-sattelberger\/\"},\"author\":{\"name\":\"Alexander Graf\",\"@id\":\"https:\/\/www.freelancermap.de\/blog\/#\/schema\/person\/7d6094aeb003506f02611a267c337f90\"},\"headline\":\"Scheinselbstst\u00e4ndigkeit in Deutschland &#8211; Interview mit Thomas Sattelberger\",\"datePublished\":\"2021-05-06T15:22:03+00:00\",\"dateModified\":\"2026-04-16T08:24:17+00:00\",\"mainEntityOfPage\":{\"@id\":\"https:\/\/www.freelancermap.de\/blog\/scheinselbststaendigkeit-interview-mit-thomas-sattelberger\/\"},\"wordCount\":1018,\"image\":{\"@id\":\"https:\/\/www.freelancermap.de\/blog\/scheinselbststaendigkeit-interview-mit-thomas-sattelberger\/#primaryimage\"},\"thumbnailUrl\":\"https:\/\/img-cdn.freelancermap.de\/blog\/dach\/thomas-sattelberger-scheinselbststaendigkeit-interview.png\",\"keywords\":[\"Scheinselbstst\u00e4ndigkeit\"],\"articleSection\":[\"F\u00fcr Freelancer\",\"Ratgeber\",\"Selbstst\u00e4ndigkeit\"],\"inLanguage\":\"de\"},{\"@type\":\"WebPage\",\"@id\":\"https:\/\/www.freelancermap.de\/blog\/scheinselbststaendigkeit-interview-mit-thomas-sattelberger\/\",\"url\":\"https:\/\/www.freelancermap.de\/blog\/scheinselbststaendigkeit-interview-mit-thomas-sattelberger\/\",\"name\":\"Scheinselbstst\u00e4ndigkeit | Interview mit Thomas Sattelberger\",\"isPartOf\":{\"@id\":\"https:\/\/www.freelancermap.de\/blog\/#website\"},\"primaryImageOfPage\":{\"@id\":\"https:\/\/www.freelancermap.de\/blog\/scheinselbststaendigkeit-interview-mit-thomas-sattelberger\/#primaryimage\"},\"image\":{\"@id\":\"https:\/\/www.freelancermap.de\/blog\/scheinselbststaendigkeit-interview-mit-thomas-sattelberger\/#primaryimage\"},\"thumbnailUrl\":\"https:\/\/img-cdn.freelancermap.de\/blog\/dach\/thomas-sattelberger-scheinselbststaendigkeit-interview.png\",\"datePublished\":\"2021-05-06T15:22:03+00:00\",\"dateModified\":\"2026-04-16T08:24:17+00:00\",\"author\":{\"@id\":\"https:\/\/www.freelancermap.de\/blog\/#\/schema\/person\/7d6094aeb003506f02611a267c337f90\"},\"description\":\"Scheinselbstst\u00e4ndigkeit in Deutschland | Interview mit Thomas Sattelberger | Debatte | Entwicklungen \u2794 Jetzt lesen!\",\"breadcrumb\":{\"@id\":\"https:\/\/www.freelancermap.de\/blog\/scheinselbststaendigkeit-interview-mit-thomas-sattelberger\/#breadcrumb\"},\"inLanguage\":\"de\",\"potentialAction\":[{\"@type\":\"ReadAction\",\"target\":[\"https:\/\/www.freelancermap.de\/blog\/scheinselbststaendigkeit-interview-mit-thomas-sattelberger\/\"]}]},{\"@type\":\"ImageObject\",\"inLanguage\":\"de\",\"@id\":\"https:\/\/www.freelancermap.de\/blog\/scheinselbststaendigkeit-interview-mit-thomas-sattelberger\/#primaryimage\",\"url\":\"https:\/\/img-cdn.freelancermap.de\/blog\/dach\/thomas-sattelberger-scheinselbststaendigkeit-interview.png\",\"contentUrl\":\"https:\/\/img-cdn.freelancermap.de\/blog\/dach\/thomas-sattelberger-scheinselbststaendigkeit-interview.png\",\"width\":\"1100\",\"height\":\"480\"},{\"@type\":\"BreadcrumbList\",\"@id\":\"https:\/\/www.freelancermap.de\/blog\/scheinselbststaendigkeit-interview-mit-thomas-sattelberger\/#breadcrumb\",\"itemListElement\":[{\"@type\":\"ListItem\",\"position\":1,\"name\":\"Home\",\"item\":\"https:\/\/www.freelancermap.at\/blog\/\"},{\"@type\":\"ListItem\",\"position\":2,\"name\":\"Scheinselbstst\u00e4ndigkeit in Deutschland &#8211; Interview mit Thomas Sattelberger\"}]},{\"@type\":\"WebSite\",\"@id\":\"https:\/\/www.freelancermap.de\/blog\/#website\",\"url\":\"https:\/\/www.freelancermap.de\/blog\/\",\"name\":\"Freelancer Blog\",\"description\":\"Trends, Ratgeber &amp; Fakten f\u00fcr Freelancer und Auftraggeber\",\"potentialAction\":[{\"@type\":\"SearchAction\",\"target\":{\"@type\":\"EntryPoint\",\"urlTemplate\":\"https:\/\/www.freelancermap.de\/blog\/?s={search_term_string}\"},\"query-input\":{\"@type\":\"PropertyValueSpecification\",\"valueRequired\":true,\"valueName\":\"search_term_string\"}}],\"inLanguage\":\"de\"},{\"@type\":\"Person\",\"@id\":\"https:\/\/www.freelancermap.de\/blog\/#\/schema\/person\/7d6094aeb003506f02611a267c337f90\",\"name\":\"Alexander Graf\",\"url\":\"https:\/\/www.freelancermap.de\/blog\/author\/alexander-graf\/\"}]}<\/script>\n<!-- \/ Yoast SEO plugin. -->","yoast_head_json":{"title":"Scheinselbstst\u00e4ndigkeit | Interview mit Thomas Sattelberger","description":"Scheinselbstst\u00e4ndigkeit in Deutschland | Interview mit Thomas Sattelberger | Debatte | Entwicklungen \u2794 Jetzt lesen!","robots":{"index":"index","follow":"follow","max-snippet":"max-snippet:-1","max-image-preview":"max-image-preview:large","max-video-preview":"max-video-preview:-1"},"canonical":"https:\/\/www.freelancermap.de\/blog\/scheinselbststaendigkeit-interview-mit-thomas-sattelberger\/","og_locale":"de_DE","og_type":"article","og_title":"Scheinselbstst\u00e4ndigkeit | Interview mit Thomas Sattelberger","og_description":"Scheinselbstst\u00e4ndigkeit in Deutschland | Interview mit Thomas Sattelberger | Debatte | Entwicklungen \u2794 Jetzt lesen!","og_url":"https:\/\/www.freelancermap.de\/blog\/scheinselbststaendigkeit-interview-mit-thomas-sattelberger\/","og_site_name":"Freelancer Blog","article_published_time":"2021-05-06T15:22:03+00:00","article_modified_time":"2026-04-16T08:24:17+00:00","og_image":[{"width":1100,"height":480,"url":"https:\/\/img-cdn.freelancermap.de\/blog\/dach\/thomas-sattelberger-scheinselbststaendigkeit-interview.png","type":"image\/png"}],"author":"Alexander Graf","twitter_card":"summary_large_image","twitter_misc":{"Verfasst von":"Alexander Graf","Gesch\u00e4tzte Lesezeit":"5\u00a0Minuten"},"schema":{"@context":"https:\/\/schema.org","@graph":[{"@type":["Article","BlogPosting"],"@id":"https:\/\/www.freelancermap.de\/blog\/scheinselbststaendigkeit-interview-mit-thomas-sattelberger\/#article","isPartOf":{"@id":"https:\/\/www.freelancermap.de\/blog\/scheinselbststaendigkeit-interview-mit-thomas-sattelberger\/"},"author":{"name":"Alexander Graf","@id":"https:\/\/www.freelancermap.de\/blog\/#\/schema\/person\/7d6094aeb003506f02611a267c337f90"},"headline":"Scheinselbstst\u00e4ndigkeit in Deutschland &#8211; Interview mit Thomas Sattelberger","datePublished":"2021-05-06T15:22:03+00:00","dateModified":"2026-04-16T08:24:17+00:00","mainEntityOfPage":{"@id":"https:\/\/www.freelancermap.de\/blog\/scheinselbststaendigkeit-interview-mit-thomas-sattelberger\/"},"wordCount":1018,"image":{"@id":"https:\/\/www.freelancermap.de\/blog\/scheinselbststaendigkeit-interview-mit-thomas-sattelberger\/#primaryimage"},"thumbnailUrl":"https:\/\/img-cdn.freelancermap.de\/blog\/dach\/thomas-sattelberger-scheinselbststaendigkeit-interview.png","keywords":["Scheinselbstst\u00e4ndigkeit"],"articleSection":["F\u00fcr Freelancer","Ratgeber","Selbstst\u00e4ndigkeit"],"inLanguage":"de"},{"@type":"WebPage","@id":"https:\/\/www.freelancermap.de\/blog\/scheinselbststaendigkeit-interview-mit-thomas-sattelberger\/","url":"https:\/\/www.freelancermap.de\/blog\/scheinselbststaendigkeit-interview-mit-thomas-sattelberger\/","name":"Scheinselbstst\u00e4ndigkeit | Interview mit Thomas Sattelberger","isPartOf":{"@id":"https:\/\/www.freelancermap.de\/blog\/#website"},"primaryImageOfPage":{"@id":"https:\/\/www.freelancermap.de\/blog\/scheinselbststaendigkeit-interview-mit-thomas-sattelberger\/#primaryimage"},"image":{"@id":"https:\/\/www.freelancermap.de\/blog\/scheinselbststaendigkeit-interview-mit-thomas-sattelberger\/#primaryimage"},"thumbnailUrl":"https:\/\/img-cdn.freelancermap.de\/blog\/dach\/thomas-sattelberger-scheinselbststaendigkeit-interview.png","datePublished":"2021-05-06T15:22:03+00:00","dateModified":"2026-04-16T08:24:17+00:00","author":{"@id":"https:\/\/www.freelancermap.de\/blog\/#\/schema\/person\/7d6094aeb003506f02611a267c337f90"},"description":"Scheinselbstst\u00e4ndigkeit in Deutschland | Interview mit Thomas Sattelberger | Debatte | Entwicklungen \u2794 Jetzt lesen!","breadcrumb":{"@id":"https:\/\/www.freelancermap.de\/blog\/scheinselbststaendigkeit-interview-mit-thomas-sattelberger\/#breadcrumb"},"inLanguage":"de","potentialAction":[{"@type":"ReadAction","target":["https:\/\/www.freelancermap.de\/blog\/scheinselbststaendigkeit-interview-mit-thomas-sattelberger\/"]}]},{"@type":"ImageObject","inLanguage":"de","@id":"https:\/\/www.freelancermap.de\/blog\/scheinselbststaendigkeit-interview-mit-thomas-sattelberger\/#primaryimage","url":"https:\/\/img-cdn.freelancermap.de\/blog\/dach\/thomas-sattelberger-scheinselbststaendigkeit-interview.png","contentUrl":"https:\/\/img-cdn.freelancermap.de\/blog\/dach\/thomas-sattelberger-scheinselbststaendigkeit-interview.png","width":"1100","height":"480"},{"@type":"BreadcrumbList","@id":"https:\/\/www.freelancermap.de\/blog\/scheinselbststaendigkeit-interview-mit-thomas-sattelberger\/#breadcrumb","itemListElement":[{"@type":"ListItem","position":1,"name":"Home","item":"https:\/\/www.freelancermap.at\/blog\/"},{"@type":"ListItem","position":2,"name":"Scheinselbstst\u00e4ndigkeit in Deutschland &#8211; Interview mit Thomas Sattelberger"}]},{"@type":"WebSite","@id":"https:\/\/www.freelancermap.de\/blog\/#website","url":"https:\/\/www.freelancermap.de\/blog\/","name":"Freelancer Blog","description":"Trends, Ratgeber &amp; Fakten f\u00fcr Freelancer und Auftraggeber","potentialAction":[{"@type":"SearchAction","target":{"@type":"EntryPoint","urlTemplate":"https:\/\/www.freelancermap.de\/blog\/?s={search_term_string}"},"query-input":{"@type":"PropertyValueSpecification","valueRequired":true,"valueName":"search_term_string"}}],"inLanguage":"de"},{"@type":"Person","@id":"https:\/\/www.freelancermap.de\/blog\/#\/schema\/person\/7d6094aeb003506f02611a267c337f90","name":"Alexander Graf","url":"https:\/\/www.freelancermap.de\/blog\/author\/alexander-graf\/"}]}},"taxonomy_info":{"category":[{"value":16,"label":"F\u00fcr Freelancer"},{"value":5,"label":"Ratgeber"},{"value":18,"label":"Selbstst\u00e4ndigkeit"}],"post_tag":[{"value":17,"label":"Scheinselbstst\u00e4ndigkeit"}]},"featured_image_src_large":["https:\/\/img-cdn.freelancermap.de\/blog\/dach\/thomas-sattelberger-scheinselbststaendigkeit-interview.png",640,279,false],"author_info":{"display_name":"Alexander Graf","author_link":"https:\/\/www.freelancermap.de\/blog\/author\/alexander-graf\/"},"comment_info":0,"category_info":[{"term_id":16,"name":"F\u00fcr Freelancer","slug":"fuer-freelancer","term_group":0,"term_taxonomy_id":16,"taxonomy":"category","description":"","parent":0,"count":75,"filter":"raw","cat_ID":16,"category_count":75,"category_description":"","cat_name":"F\u00fcr Freelancer","category_nicename":"fuer-freelancer","category_parent":0},{"term_id":5,"name":"Ratgeber","slug":"ratgeber","term_group":0,"term_taxonomy_id":5,"taxonomy":"category","description":"","parent":0,"count":134,"filter":"raw","cat_ID":5,"category_count":134,"category_description":"","cat_name":"Ratgeber","category_nicename":"ratgeber","category_parent":0},{"term_id":18,"name":"Selbstst\u00e4ndigkeit","slug":"selbststaendigkeit","term_group":0,"term_taxonomy_id":18,"taxonomy":"category","description":"","parent":0,"count":31,"filter":"raw","cat_ID":18,"category_count":31,"category_description":"","cat_name":"Selbstst\u00e4ndigkeit","category_nicename":"selbststaendigkeit","category_parent":0}],"tag_info":[{"term_id":17,"name":"Scheinselbstst\u00e4ndigkeit","slug":"scheinselbststaendigkeit","term_group":0,"term_taxonomy_id":17,"taxonomy":"post_tag","description":"","parent":0,"count":3,"filter":"raw"}],"_links":{"self":[{"href":"https:\/\/www.freelancermap.de\/blog\/wp-json\/wp\/v2\/posts\/33839","targetHints":{"allow":["GET"]}}],"collection":[{"href":"https:\/\/www.freelancermap.de\/blog\/wp-json\/wp\/v2\/posts"}],"about":[{"href":"https:\/\/www.freelancermap.de\/blog\/wp-json\/wp\/v2\/types\/post"}],"author":[{"embeddable":true,"href":"https:\/\/www.freelancermap.de\/blog\/wp-json\/wp\/v2\/users\/42"}],"replies":[{"embeddable":true,"href":"https:\/\/www.freelancermap.de\/blog\/wp-json\/wp\/v2\/comments?post=33839"}],"version-history":[{"count":9,"href":"https:\/\/www.freelancermap.de\/blog\/wp-json\/wp\/v2\/posts\/33839\/revisions"}],"predecessor-version":[{"id":71032,"href":"https:\/\/www.freelancermap.de\/blog\/wp-json\/wp\/v2\/posts\/33839\/revisions\/71032"}],"wp:featuredmedia":[{"embeddable":true,"href":"https:\/\/www.freelancermap.de\/blog\/wp-json\/wp\/v2\/media\/71023"}],"wp:attachment":[{"href":"https:\/\/www.freelancermap.de\/blog\/wp-json\/wp\/v2\/media?parent=33839"}],"wp:term":[{"taxonomy":"category","embeddable":true,"href":"https:\/\/www.freelancermap.de\/blog\/wp-json\/wp\/v2\/categories?post=33839"},{"taxonomy":"post_tag","embeddable":true,"href":"https:\/\/www.freelancermap.de\/blog\/wp-json\/wp\/v2\/tags?post=33839"}],"curies":[{"name":"wp","href":"https:\/\/api.w.org\/{rel}","templated":true}]}}